{"id":232842,"date":"2025-09-16T15:47:15","date_gmt":"2025-09-16T15:47:15","guid":{"rendered":"https:\/\/celtiques.com\/?p=232842"},"modified":"2025-11-27T21:51:20","modified_gmt":"2025-11-27T21:51:20","slug":"faq-eurofest-2026","status":"publish","type":"post","link":"https:\/\/celtiques.com\/?p=232842","title":{"rendered":"FAQ &#8211; Eurofest 2026"},"content":{"rendered":"<p>[et_pb_section fb_built=\u00a0\u00bb1&Prime; admin_label=\u00a0\u00bbAbout\u00a0\u00bb _builder_version=\u00a0\u00bb4.27.4&Prime; _module_preset=\u00a0\u00bbdefault\u00a0\u00bb width=\u00a0\u00bb100%\u00a0\u00bb custom_padding=\u00a0\u00bb||0px|||\u00a0\u00bb locked=\u00a0\u00bboff\u00a0\u00bb collapsed=\u00a0\u00bbon\u00a0\u00bb global_colors_info=\u00a0\u00bb{}\u00a0\u00bb][et_pb_row _builder_version=\u00a0\u00bb4.27.4&Prime; _module_preset=\u00a0\u00bbdefault\u00a0\u00bb global_colors_info=\u00a0\u00bb{}\u00a0\u00bb][et_pb_column type=\u00a0\u00bb4_4&Prime; _builder_version=\u00a0\u00bb4.25.1&Prime; _module_preset=\u00a0\u00bbdefault\u00a0\u00bb global_colors_info=\u00a0\u00bb{}\u00a0\u00bb][et_pb_heading title=\u00a0\u00bbFAQ &#8211; Eurofest 2026&Prime; _builder_version=\u00a0\u00bb4.27.4&Prime; _module_preset=\u00a0\u00bbc33f07d9-41e0-421a-8799-5799df695cce\u00a0\u00bb title_level=\u00a0\u00bbh2&Prime; title_font=\u00a0\u00bb&#8211;et_global_heading_font|Abril Fatface_weight|||||||\u00a0\u00bb title_text_align=\u00a0\u00bbcenter\u00a0\u00bb title_text_color=\u00a0\u00bb#0e0c19&Prime; title_font_size=\u00a0\u00bb50px\u00a0\u00bb title_line_height=\u00a0\u00bb1.2em\u00a0\u00bb custom_margin=\u00a0\u00bb||10px||false|false\u00a0\u00bb custom_padding=\u00a0\u00bb||50px|||\u00a0\u00bb title_font_size_tablet=\u00a0\u00bb28px\u00a0\u00bb title_font_size_phone=\u00a0\u00bb20px\u00a0\u00bb title_font_size_last_edited=\u00a0\u00bbon|phone\u00a0\u00bb global_colors_info=\u00a0\u00bb{}\u00a0\u00bb][\/et_pb_heading][et_pb_text _builder_version=\u00a0\u00bb4.27.4&Prime; _module_preset=\u00a0\u00bbdefault\u00a0\u00bb global_colors_info=\u00a0\u00bb{}\u00a0\u00bb]<\/p>\n<h3><strong>Embarquez pour vivre une comp\u00e9tition internationale de handball en Europe !<\/strong><\/h3>\n<p>[\/et_pb_text][et_pb_accordion _builder_version=\u00a0\u00bb4.27.4&Prime; _module_preset=\u00a0\u00bbdefault\u00a0\u00bb custom_margin=\u00a0\u00bb|-45px||||\u00a0\u00bb hover_enabled=\u00a0\u00bb0&Prime; global_colors_info=\u00a0\u00bb{}\u00a0\u00bb sticky_enabled=\u00a0\u00bb0&Prime;][et_pb_accordion_item title=\u00a0\u00bbQuel est le niveau de jeu de l&rsquo;Eurofest ?\u00a0\u00bb _builder_version=\u00a0\u00bb4.27.4&Prime; _module_preset=\u00a0\u00bbdefault\u00a0\u00bb global_colors_info=\u00a0\u00bb{}\u00a0\u00bb open=\u00a0\u00bbon\u00a0\u00bb]<\/p>\n<p>Des \u00e9quipes du monde entier seront pr\u00e9sentes, c&rsquo;est l&rsquo;occasion de le d\u00e9couvrir !<\/p>\n<p>[\/et_pb_accordion_item][et_pb_accordion_item title=\u00a0\u00bbCombien d&rsquo;\u00e9quipes participent \u00e0 l&rsquo;Eurofest ?\u00a0\u00bb _builder_version=\u00a0\u00bb4.27.4&Prime; _module_preset=\u00a0\u00bbdefault\u00a0\u00bb global_colors_info=\u00a0\u00bb{}\u00a0\u00bb open=\u00a0\u00bboff\u00a0\u00bb]<\/p>\n<p>Plus de 240 \u00e9quipes.<\/p>\n<p>[\/et_pb_accordion_item][et_pb_accordion_item title=\u00a0\u00bbQuel est le nombre de matchs garanti ?\u00a0\u00bb _builder_version=\u00a0\u00bb4.27.4&Prime; _module_preset=\u00a0\u00bbdefault\u00a0\u00bb global_colors_info=\u00a0\u00bb{}\u00a0\u00bb open=\u00a0\u00bboff\u00a0\u00bb]<\/p>\n<p>Chaque \u00e9quipe jouera au moins 5 matchs. Lors de l&rsquo;\u00e9dition 2025, les \u00e9quipes ont jou\u00e9 entre 7 et 9 matchs.<\/p>\n<p>[\/et_pb_accordion_item][et_pb_accordion_item title=\u00a0\u00bbQuelle est la dur\u00e9e des matchs ?\u00a0\u00bb _builder_version=\u00a0\u00bb4.27.4&Prime; _module_preset=\u00a0\u00bbdefault\u00a0\u00bb global_colors_info=\u00a0\u00bb{}\u00a0\u00bb open=\u00a0\u00bboff\u00a0\u00bb]<\/p>\n<p>Chaque match se joue en 2 p\u00e9riodes de 15 minutes.<\/p>\n<p>[\/et_pb_accordion_item][et_pb_accordion_item title=\u00a0\u00bbO\u00f9 est situ\u00e9 le tournoi dans la ville ?\u00a0\u00bb _builder_version=\u00a0\u00bb4.27.4&Prime; _module_preset=\u00a0\u00bbdefault\u00a0\u00bb hover_enabled=\u00a0\u00bb0&Prime; sticky_enabled=\u00a0\u00bb0&Prime;]<\/p>\n<p>Pour conna\u00eetre les lieux des diff\u00e9rents matchs, nous vous invitons \u00e0 consulter <a href=\"https:\/\/handball.eurofest.si\/en\/the-tournament\/transport\/\">la page suivante du site web de l&rsquo;Eurofest<\/a> qui indique \u00e9galement les solutions de transport. Pour savoir quel match aura lieu \u00e0 quel endroit, il vous faudra attendre le programme d\u00e9taill\u00e9 officiel de la competition.<\/p>\n<p>[\/et_pb_accordion_item][et_pb_accordion_item title=\u00a0\u00bbLes tournois sont-ils ouverts au public ou doit-on prendre des billets ?\u00a0\u00bb _builder_version=\u00a0\u00bb4.27.4&Prime; _module_preset=\u00a0\u00bbdefault\u00a0\u00bb hover_enabled=\u00a0\u00bb0&Prime; sticky_enabled=\u00a0\u00bb0&Prime;]<\/p>\n<p>Informations \u00e0 venir.<\/p>\n<p>[\/et_pb_accordion_item][et_pb_accordion_item title=\u00a0\u00bbQuels seront les chandails utilis\u00e9s pour le tournoi ?\u00a0\u00bb _builder_version=\u00a0\u00bb4.27.4&Prime; _module_preset=\u00a0\u00bbdefault\u00a0\u00bb hover_enabled=\u00a0\u00bb0&Prime; sticky_enabled=\u00a0\u00bb0&Prime;]<\/p>\n<p>Les chandails utilis\u00e9s pour le tournoi seront les chandails personnels achet\u00e9s pour la saison r\u00e9guli\u00e8re par les athl\u00e8tes, ainsi qu&rsquo;un chandail fonc\u00e9 fourni par le club, inclu dans le prix total.<\/p>\n<p>[\/et_pb_accordion_item][et_pb_accordion_item title=\u00a0\u00bbQuel.les joueuses et joueurs du club sont admissibles au voyage?\u00a0\u00bb _builder_version=\u00a0\u00bb4.27.4&Prime; _module_preset=\u00a0\u00bbdefault\u00a0\u00bb global_colors_info=\u00a0\u00bb{}\u00a0\u00bb open=\u00a0\u00bboff\u00a0\u00bb]<\/p>\n<p>Toutes les joueuses et tous les joueurs n\u00e9.es entre 2005 et 2013 peuvent participer.<\/p>\n<p>[\/et_pb_accordion_item][et_pb_accordion_item title=\u00a0\u00bbSi l&rsquo;\u00e9quipe ne part pas, dans quelle \u00e9quipe le joueur ou la joueuse peut aller ?\u00a0\u00bb _builder_version=\u00a0\u00bb4.27.4&Prime; _module_preset=\u00a0\u00bbdefault\u00a0\u00bb global_colors_info=\u00a0\u00bb{}\u00a0\u00bb open=\u00a0\u00bboff\u00a0\u00bb]<\/p>\n<p>Dans l&rsquo;\u00e9quipe imm\u00e9diatement plus vieille d&rsquo;une ann\u00e9e. Si l&rsquo;\u00e9quipe imm\u00e9diatement plus vieille n&rsquo;est pas inscrite il faudra alors voir avec la direction du club de la possibilit\u00e9 de participer avec l&rsquo;\u00e9quipe 2 ans plus ag\u00e9e.<\/p>\n<p>[\/et_pb_accordion_item][et_pb_accordion_item title=\u00a0\u00bbLes pratiques VHS de mai \u00e0 juin 2026 sont-elles payantes ?\u00a0\u00bb _builder_version=\u00a0\u00bb4.27.4&Prime; _module_preset=\u00a0\u00bbdefault\u00a0\u00bb global_colors_info=\u00a0\u00bb{}\u00a0\u00bb open=\u00a0\u00bboff\u00a0\u00bb]<\/p>\n<p>Les pratiques VHS sont incluses dans le co\u00fbt du voyage.<\/p>\n<p>[\/et_pb_accordion_item][et_pb_accordion_item title=\u00a0\u00bbQuel sera le canal de communication pour les pratiques VHS ?\u00a0\u00bb _builder_version=\u00a0\u00bb4.27.4&Prime; _module_preset=\u00a0\u00bbdefault\u00a0\u00bb hover_enabled=\u00a0\u00bb0&Prime; sticky_enabled=\u00a0\u00bb0&Prime;]<\/p>\n<p>Toutes les communications qui concernent le projet VHS seront, dans la mesure du possible, centralis\u00e9es sur la communaut\u00e9 Whats app. Les informations concernant les pratiques VHS y seront donc pr\u00e9sentes.<\/p>\n<p>[\/et_pb_accordion_item][et_pb_accordion_item title=\u00a0\u00bbQuelle est la date limite d&rsquo;inscription ?\u00a0\u00bb _builder_version=\u00a0\u00bb4.27.4&Prime; _module_preset=\u00a0\u00bbdefault\u00a0\u00bb global_colors_info=\u00a0\u00bb{}\u00a0\u00bb open=\u00a0\u00bboff\u00a0\u00bb]<\/p>\n<p>Vendredi 10 octobre 2025<\/p>\n<p>[\/et_pb_accordion_item][et_pb_accordion_item title=\u00a0\u00bbQuelles sont les dates des versements ?\u00a0\u00bb _builder_version=\u00a0\u00bb4.27.4&Prime; _module_preset=\u00a0\u00bbdefault\u00a0\u00bb hover_enabled=\u00a0\u00bb0&Prime; global_colors_info=\u00a0\u00bb{}\u00a0\u00bb open=\u00a0\u00bboff\u00a0\u00bb sticky_enabled=\u00a0\u00bb0&Prime;]<\/p>\n<p>Il y aura 4 versements :<\/p>\n<ul>\n<li>Octobre : 500$ \u00e0 l&rsquo;inscription<\/li>\n<li>D\u00e9but d\u00e9cembre : environ 750$<\/li>\n<li>D\u00e9but f\u00e9vrier: environ750$<\/li>\n<li>Juin : le solde final apr\u00e8s ristourne solidaire<\/li>\n<\/ul>\n<p>Les sommes seront soumises \u00e0 modification en fonction des questions #15 et #16<\/p>\n<p>[\/et_pb_accordion_item][et_pb_accordion_item title=\u00a0\u00bbEn cas de d\u00e9sistement, quelles sont les conditions de remboursement ?\u00a0\u00bb _builder_version=\u00a0\u00bb4.27.4&Prime; _module_preset=\u00a0\u00bbdefault\u00a0\u00bb global_colors_info=\u00a0\u00bb{}\u00a0\u00bb open=\u00a0\u00bboff\u00a0\u00bb]<\/p>\n<p>Compte tenu de l&rsquo;envergure du projet et des co\u00fbts importants, il n&rsquo;est pas possible de rembourser les gens qui se sont engag\u00e9s dans l&rsquo;aventure.<\/p>\n<p>[\/et_pb_accordion_item][et_pb_accordion_item title=\u00a0\u00bbQuelles d\u00e9penses sont couvertes par le montant pay\u00e9 ?\u00a0\u00bb _builder_version=\u00a0\u00bb4.27.4&Prime; _module_preset=\u00a0\u00bbdefault\u00a0\u00bb hover_enabled=\u00a0\u00bb0&Prime; sticky_enabled=\u00a0\u00bb0&Prime;]<\/p>\n<p>Toutes les d\u00e9penses sont couvertes (h\u00e9bergement, restauration, transport, etc.) sauf les achats personnels. Le club n&rsquo;est pas responsable de la gestion de l&rsquo;argent personnel de l&rsquo;athl\u00e8te.<\/p>\n<p>[\/et_pb_accordion_item][et_pb_accordion_item title=\u00a0\u00bbQu&rsquo;est-ce que le retour solidaire ?\u00a0\u00bb _builder_version=\u00a0\u00bb4.27.4&Prime; _module_preset=\u00a0\u00bbdefault\u00a0\u00bb hover_enabled=\u00a0\u00bb0&Prime; global_colors_info=\u00a0\u00bb{}\u00a0\u00bb open=\u00a0\u00bboff\u00a0\u00bb sticky_enabled=\u00a0\u00bb0&Prime;]<\/p>\n<p>R\u00e9partition du montant total des lev\u00e9es de fonds \u00e0 tous.tes les athl\u00e8tes ayant rempli les conditions minimales de participation. L&rsquo;objectif est de r\u00e9duire le co\u00fbt total du projet par athl\u00e8te.<\/p>\n<p>[\/et_pb_accordion_item][et_pb_accordion_item title=\u00a0\u00bbComment fonctionne le retour solidaire ?\u00a0\u00bb _builder_version=\u00a0\u00bb4.27.4&Prime; _module_preset=\u00a0\u00bbdefault\u00a0\u00bb hover_enabled=\u00a0\u00bb0&Prime; global_colors_info=\u00a0\u00bb{}\u00a0\u00bb open=\u00a0\u00bboff\u00a0\u00bb sticky_enabled=\u00a0\u00bb0&Prime;]<\/p>\n<p>Un minimum de 3 participations sont requises sur l&rsquo;ensemble des activit\u00e9s de lev\u00e9es de fonds<\/p>\n<p>[\/et_pb_accordion_item][et_pb_accordion_item title=\u00a0\u00bbQue se passerait-il si je n&rsquo;ai pas atteint le minimum de participation requise aux activit\u00e9s de financement\/benevolat ? \u00a0\u00bb _builder_version=\u00a0\u00bb4.27.4&Prime; _module_preset=\u00a0\u00bbdefault\u00a0\u00bb global_colors_info=\u00a0\u00bb{}\u00a0\u00bb open=\u00a0\u00bboff\u00a0\u00bb]<\/p>\n<p>Il faudra s&rsquo;acquitter de la somme compl\u00e8te sans le retour solidaire<\/p>\n<p>[\/et_pb_accordion_item][et_pb_accordion_item title=\u00a0\u00bbJ&rsquo;ai plusieurs enfants qui participent \u00e0 VHS, est-ce que je peux b\u00e9n\u00e9ficier d&rsquo;autant de retour solidaire ?  Quelles sont les modalit\u00e9s ?\u00a0\u00bb _builder_version=\u00a0\u00bb4.27.4&Prime; _module_preset=\u00a0\u00bbdefault\u00a0\u00bb global_colors_info=\u00a0\u00bb{}\u00a0\u00bb open=\u00a0\u00bboff\u00a0\u00bb]<\/p>\n<p>Chaque athl\u00e8te qui participe \u00e0 VHS a droit au retour solidaire s&rsquo;il remplit les conditions minimales de participation aux activit\u00e9s de socio-financement<\/p>\n<p>[\/et_pb_accordion_item][et_pb_accordion_item title=\u00a0\u00bbQuand les lev\u00e9es de fonds se terminent-elles ?\u00a0\u00bb _builder_version=\u00a0\u00bb4.27.4&Prime; _module_preset=\u00a0\u00bbdefault\u00a0\u00bb hover_enabled=\u00a0\u00bb0&Prime; sticky_enabled=\u00a0\u00bb0&Prime;]<\/p>\n<p>Les lev\u00e9es de fonds se terminent le 31 mai.<\/p>\n<p>[\/et_pb_accordion_item][et_pb_accordion_item title=\u00a0\u00bbSi je ne souhaite pas participer au financement, est-ce que je peux aller au tournoi?\u00a0\u00bb _builder_version=\u00a0\u00bb4.27.4&Prime; _module_preset=\u00a0\u00bbdefault\u00a0\u00bb hover_enabled=\u00a0\u00bb0&Prime; global_colors_info=\u00a0\u00bb{}\u00a0\u00bb open=\u00a0\u00bboff\u00a0\u00bb sticky_enabled=\u00a0\u00bb0&Prime;]<\/p>\n<p>Il sera possible d&rsquo;aller au tournoi, mais sans recevoir de retour solidaire. Le club tient toutefois \u00e0 indiquer que la participation au financement constitue une activit\u00e9 importante pour l&rsquo;esprit d&rsquo;\u00e9quipe et le d\u00e9veloppement du sentiment d&rsquo;appartenance au club<\/p>\n<p>[\/et_pb_accordion_item][et_pb_accordion_item title=\u00a0\u00bbJe prendrai les billets de mon c\u00f4t\u00e9, est-ce que le retour solidaire est le m\u00eame ?\u00a0\u00bb _builder_version=\u00a0\u00bb4.27.4&Prime; _module_preset=\u00a0\u00bbdefault\u00a0\u00bb global_colors_info=\u00a0\u00bb{}\u00a0\u00bb open=\u00a0\u00bboff\u00a0\u00bb]<\/p>\n<p>Celles et ceux qui ne prennent pas les billets d\u2019avion, ou seulement en partie, auront acc\u00e8s au retour solidaire, comme tous les autres participants, \u00e9tant donn\u00e9 que leur implication est jug\u00e9e comparable et que des frais similaires seront engag\u00e9s par les familles pour le transport.<\/p>\n<p>Cependant, il incombera aux parents de d\u00e9poser leur enfant \u00e0 l\u2019endroit et \u00e0 la date indiqu\u00e9s, et de le r\u00e9cup\u00e9rer au m\u00eame endroit et \u00e0 l\u2019heure fix\u00e9s par le comit\u00e9 organisateur lors du retour.<\/p>\n<p>[\/et_pb_accordion_item][et_pb_accordion_item title=\u00a0\u00bbSi on prend le billet d\u2019avion par nous-m\u00eame, quel prix total doit-on payer ? \u00a0\u00bb _builder_version=\u00a0\u00bb4.27.4&Prime; _module_preset=\u00a0\u00bbdefault\u00a0\u00bb hover_enabled=\u00a0\u00bb0&Prime; sticky_enabled=\u00a0\u00bb0&Prime;]<\/p>\n<p>Si vous prenez pas les billets d\u2019avion par vos propres moyens, vous ne paierez pas la part des billets d\u2019avion dans le montant vers\u00e9 au club. Le montant total exact n&rsquo;est pas encore d\u00e9termin\u00e9 mais il comprendra uniquement les frais engag\u00e9s \u00e0 Koper.<\/p>\n<p>[\/et_pb_accordion_item][et_pb_accordion_item title=\u00a0\u00bbSi un.e athl\u00e8te doit faire un retour anticip\u00e9 au Qu\u00e9bec, qu&rsquo;advient-il du retour solidaire? \u00a0\u00bb _builder_version=\u00a0\u00bb4.27.4&Prime; _module_preset=\u00a0\u00bbdefault\u00a0\u00bb global_colors_info=\u00a0\u00bb{}\u00a0\u00bb open=\u00a0\u00bboff\u00a0\u00bb]<\/p>\n<p>La totalit\u00e9 du retour solidaire est maintenue puisque la participation aux campagnes de sociofinancement a eu lieu avant le voyage et qu&rsquo;il y a eu un engagement financier complet pour l&rsquo;athl\u00e8te en question<\/p>\n<p>[\/et_pb_accordion_item][et_pb_accordion_item title=\u00a0\u00bbJe peux avoir une commandite mais cibl\u00e9.e sur une \u00e9quipe, est-ce que c&rsquo;est possible?\u00a0\u00bb _builder_version=\u00a0\u00bb4.27.4&Prime; _module_preset=\u00a0\u00bbdefault\u00a0\u00bb hover_enabled=\u00a0\u00bb0&Prime; global_colors_info=\u00a0\u00bb{}\u00a0\u00bb open=\u00a0\u00bboff\u00a0\u00bb sticky_enabled=\u00a0\u00bb0&Prime;]<\/p>\n<p>Toutes les commandites obtenues doivent pouvoir b\u00e9n\u00e9ficier \u00e0 tous.tes les athl\u00e8tes participant \u00e0 VHS<\/p>\n<p>[\/et_pb_accordion_item][et_pb_accordion_item title=\u00a0\u00bbPeut-on faire un don pour le projet ?\u00a0\u00bb _builder_version=\u00a0\u00bb4.27.4&Prime; _module_preset=\u00a0\u00bbdefault\u00a0\u00bb hover_enabled=\u00a0\u00bb0&Prime; sticky_enabled=\u00a0\u00bb0&Prime;]<\/p>\n<p>Oui. Cependant, le club ne dispose pas de numero de charit\u00e9. Cela signifie que votre don ne donnera pas lieu a un retour d\u2019impot.\u00a0<\/p>\n<p>[\/et_pb_accordion_item][et_pb_accordion_item title=\u00a0\u00bbJe souhaite accompagner mon enfant, est-ce que je peux loger avec le groupe et participer aux diff\u00e9rentes activit\u00e9s ?\u00a0\u00bb _builder_version=\u00a0\u00bb4.27.4&Prime; _module_preset=\u00a0\u00bbdefault\u00a0\u00bb global_colors_info=\u00a0\u00bb{}\u00a0\u00bb open=\u00a0\u00bboff\u00a0\u00bb]<\/p>\n<p>Il ne sera pas possible de loger avec le groupe. Les activit\u00e9s qui seront pr\u00e9vues seront seulement pour les \u00e9quipes et les accompagnateur.rices du club<\/p>\n<p>[\/et_pb_accordion_item][et_pb_accordion_item title=\u00a0\u00bbJe veux accompagner mon enfant et ne pas partir en m\u00eame temps que le groupe (avant ou apr\u00e8s) ?\u00a0\u00bb _builder_version=\u00a0\u00bb4.27.4&Prime; _module_preset=\u00a0\u00bbdefault\u00a0\u00bb hover_enabled=\u00a0\u00bb0&Prime; global_colors_info=\u00a0\u00bb{}\u00a0\u00bb open=\u00a0\u00bboff\u00a0\u00bb sticky_enabled=\u00a0\u00bb0&Prime;]<\/p>\n<p>Les parents seront responsables de la r\u00e9servation des billets d&rsquo;avion si les athl\u00e8tes ne font pas l&rsquo;aller-retour avec le club. Ils seront toutefois inform\u00e9s du num\u00e9ro de vol si l&rsquo;enfant souhaite faire un des vols avec le groupe.<\/p>\n<p>[\/et_pb_accordion_item][et_pb_accordion_item title=\u00a0\u00bbJe serai sur place pendant le tournoi et pense partir plus t\u00f4t avec mon enfant, est-ce possible ?\u00a0\u00bb _builder_version=\u00a0\u00bb4.27.4&Prime; _module_preset=\u00a0\u00bbdefault\u00a0\u00bb global_colors_info=\u00a0\u00bb{}\u00a0\u00bb open=\u00a0\u00bboff\u00a0\u00bb]<\/p>\n<p>Non. L&rsquo;athl\u00e8te reste du d\u00e9but \u00e0 la fin avec le groupe<\/p>\n<p>[\/et_pb_accordion_item][et_pb_accordion_item title=\u00a0\u00bbUn athl\u00e8te qui rejoint le groupe doit -il le rejoindre au tout d\u00e9but m\u00eame si c\u2019est pour participer \u00e0 des activit\u00e9s de groupe avant la comp\u00e9tition ?\u00a0\u00bb _builder_version=\u00a0\u00bb4.27.4&Prime; _module_preset=\u00a0\u00bbdefault\u00a0\u00bb hover_enabled=\u00a0\u00bb0&Prime; sticky_enabled=\u00a0\u00bb0&Prime;]<\/p>\n<p>Oui. L&rsquo;athl\u00e8te reste du d\u00e9but \u00e0 la fin avec le groupe. C&rsquo;est-\u00e0-dire, le 1er juillet \u00e0 une heure d\u00e9finie prochainement.<\/p>\n<p>[\/et_pb_accordion_item][et_pb_accordion_item title=\u00a0\u00bbQui s&rsquo;occupe de nos jeunes pendant le voyage et sur place ?\u00a0\u00bb _builder_version=\u00a0\u00bb4.27.4&Prime; _module_preset=\u00a0\u00bbdefault\u00a0\u00bb global_colors_info=\u00a0\u00bb{}\u00a0\u00bb open=\u00a0\u00bboff\u00a0\u00bb]<\/p>\n<p>1 entraineur.e par \u00e9quipe inscrite et 3 accompagnateur.rices pour la cohorte<\/p>\n<p>[\/et_pb_accordion_item][et_pb_accordion_item title=\u00a0\u00bbLes chandails de matchs seront-ils nettoy\u00e9s ?\u00a0\u00bb _builder_version=\u00a0\u00bb4.27.4&Prime; _module_preset=\u00a0\u00bbdefault\u00a0\u00bb hover_enabled=\u00a0\u00bb0&Prime; sticky_enabled=\u00a0\u00bb0&Prime;]<\/p>\n<p>Oui. Une solution sera trouv\u00e9e sur place.<\/p>\n<p>[\/et_pb_accordion_item][et_pb_accordion_item title=\u00a0\u00bbComment est organis\u00e9 le transport sur place du 1er au 9? Est-il pris en charge dans le montant total vers\u00e9 ?\u00a0\u00bb _builder_version=\u00a0\u00bb4.27.4&Prime; _module_preset=\u00a0\u00bbdefault\u00a0\u00bb hover_enabled=\u00a0\u00bb0&Prime; sticky_enabled=\u00a0\u00bb0&Prime;]<\/p>\n<p>Oui. Tous les frais de d\u00e9placements sur place sont inclus dans le prix.\u00a0<\/p>\n<p>[\/et_pb_accordion_item][et_pb_accordion_item title=\u00a0\u00bbQuelles sont les conditions d&rsquo;h\u00e9bergement ?\u00a0\u00bb _builder_version=\u00a0\u00bb4.27.4&Prime; _module_preset=\u00a0\u00bbdefault\u00a0\u00bb global_colors_info=\u00a0\u00bb{}\u00a0\u00bb open=\u00a0\u00bboff\u00a0\u00bb]<\/p>\n<p>Les athl\u00e8tes seront log\u00e9.es dans les \u00e9coles partenaires du tournoi. Ils devront apporter matelas, literie, oreiller.<br \/>Les repas seront pris sur place.<br \/>Toutes les commodit\u00e9s seront sur place.<\/p>\n<p>[\/et_pb_accordion_item][et_pb_accordion_item title=\u00a0\u00bbUne assurance voyage est-elle incluse ?\u00a0\u00bb _builder_version=\u00a0\u00bb4.27.4&Prime; _module_preset=\u00a0\u00bbdefault\u00a0\u00bb global_colors_info=\u00a0\u00bb{}\u00a0\u00bb open=\u00a0\u00bboff\u00a0\u00bb]<\/p>\n<p>Chaque particpant.e sera couvert par des assurances de base dont les modalit\u00e9s vous seront partag\u00e9es.<\/p>\n<p>[\/et_pb_accordion_item][et_pb_accordion_item title=\u00a0\u00bbY a-t-il une assurance annulation pour le billet d\u2019avion ?\u00a0\u00bb _builder_version=\u00a0\u00bb4.27.4&Prime; _module_preset=\u00a0\u00bbdefault\u00a0\u00bb hover_enabled=\u00a0\u00bb0&Prime; sticky_enabled=\u00a0\u00bb0&Prime;]<\/p>\n<p>Non.<\/p>\n<p>[\/et_pb_accordion_item][et_pb_accordion_item title=\u00a0\u00bbQuelle compagnie d\u2019assurance a \u00e9t\u00e9 choisie pour assurer les athl\u00e8tes ?\u00a0\u00bb _builder_version=\u00a0\u00bb4.27.4&Prime; _module_preset=\u00a0\u00bbdefault\u00a0\u00bb hover_enabled=\u00a0\u00bb0&Prime; sticky_enabled=\u00a0\u00bb0&Prime;]<\/p>\n<p>Information \u00e0 venir.<\/p>\n<p>[\/et_pb_accordion_item][et_pb_accordion_item title=\u00a0\u00bb\u00c0 qui je m&rsquo;adresse si j&rsquo;ai une question sur le projet ?\u00a0\u00bb open=\u00a0\u00bboff\u00a0\u00bb _builder_version=\u00a0\u00bb4.27.4&Prime; _module_preset=\u00a0\u00bbdefault\u00a0\u00bb global_colors_info=\u00a0\u00bb{}\u00a0\u00bb]<\/p>\n<p>Votre responsable d&rsquo;\u00e9quipe identifi\u00e9.e.<\/p>\n<p>[\/et_pb_accordion_item][et_pb_accordion_item title=\u00a0\u00bbSi je veux avoir les informations importantes, dois-je rejoindre toutes les discussions Whats app de la communaut\u00e9 ?\u00a0\u00bb _builder_version=\u00a0\u00bb4.27.4&Prime; _module_preset=\u00a0\u00bbdefault\u00a0\u00bb hover_enabled=\u00a0\u00bb0&Prime; sticky_enabled=\u00a0\u00bb0&Prime;]<\/p>\n<p>Les informations importantes seront transmises dans le canal d&rsquo;annonces accessible \u00e0 toutes et tous. Nous assurerons le relai des r\u00e9ponses aux questions qui pourraient int\u00e9resser l\u2019ensemble du groupe.<\/p>\n<p>[\/et_pb_accordion_item][et_pb_accordion_item title=\u00a0\u00bbComment et par qui est assur\u00e9 le suivi des lev\u00e9es de fonds et la v\u00e9rification des comptes pour le projet ?\u00a0\u00bb _builder_version=\u00a0\u00bb4.27.4&Prime; _module_preset=\u00a0\u00bbdefault\u00a0\u00bb hover_enabled=\u00a0\u00bb0&Prime; sticky_enabled=\u00a0\u00bb0&Prime;]<\/p>\n<p>La gestion des fonds r\u00e9colt\u00e9s dans le cadre du projet est assur\u00e9e en premier lieu par le comit\u00e9 d&rsquo;organisation. La gestion est ensuite confi\u00e9e \u00e0 l&rsquo;\u00e9quipe de direction du club qui travaille sous la supervision du tr\u00e9sorier du club.<\/p>\n<p>[\/et_pb_accordion_item][\/et_pb_accordion][\/et_pb_column][\/et_pb_row][\/et_pb_section][et_pb_section fb_built=\u00a0\u00bb1&Prime; admin_label=\u00a0\u00bbEvent Details\u00a0\u00bb _builder_version=\u00a0\u00bb4.25.1&Prime; _module_preset=\u00a0\u00bbdefault\u00a0\u00bb custom_margin=\u00a0\u00bb||-138px|||\u00a0\u00bb collapsed=\u00a0\u00bbon\u00a0\u00bb global_colors_info=\u00a0\u00bb{}\u00a0\u00bb][\/et_pb_section][et_pb_section fb_built=\u00a0\u00bb1&Prime; admin_label=\u00a0\u00bbCall to Action\u00a0\u00bb _builder_version=\u00a0\u00bb4.23.1&Prime; _module_preset=\u00a0\u00bbdefault\u00a0\u00bb custom_margin=\u00a0\u00bb-44px|||||\u00a0\u00bb locked=\u00a0\u00bboff\u00a0\u00bb collapsed=\u00a0\u00bbon\u00a0\u00bb global_colors_info=\u00a0\u00bb{}\u00a0\u00bb][et_pb_row _builder_version=\u00a0\u00bb4.24.3&Prime; _module_preset=\u00a0\u00bb5138c454-be54-4233-bd3b-f8e6a8747976&Prime; global_colors_info=\u00a0\u00bb{}\u00a0\u00bb][et_pb_column type=\u00a0\u00bb4_4&Prime; _builder_version=\u00a0\u00bb4.18.0&Prime; _module_preset=\u00a0\u00bb73121f80-a3ef-4484-8763-c3f18e3c56d2&Prime; global_colors_info=\u00a0\u00bb{}\u00a0\u00bb][et_pb_cta title=\u00a0\u00bbRejoignez l&rsquo;aventure Eurofest 2026&Prime; button_url=\u00a0\u00bbhttps:\/\/www.zeffy.com\/fr-CA\/ticketing\/projet-vhs-tournoi-en-slovenie?fbclid=IwY2xjawM1UE1leHRuA2FlbQIxMABicmlkETFlWVh3N2pnWDBSVksyUzBJAR5iXwO_3oHLmcldMwmTF1uPp7SJDlganvOGykSd5sA8aZB7UBCJqKIc8y0L-A_aem_hKYS4nb4WVI_2e5gwWu1bw\u00a0\u00bb button_text=\u00a0\u00bbPr\u00e9-inscription ici ! \u00a0\u00bb _builder_version=\u00a0\u00bb4.27.4&Prime; _module_preset=\u00a0\u00bb4c2ad5d0-871e-414e-a4be-aa9134d4ae8e\u00a0\u00bb header_font=\u00a0\u00bb&#8211;et_global_heading_font|Abril Fatface_weight|||||||\u00a0\u00bb header_text_color=\u00a0\u00bb#FFFFFF\u00a0\u00bb header_font_size=\u00a0\u00bb50px\u00a0\u00bb header_line_height=\u00a0\u00bb1.2em\u00a0\u00bb body_font=\u00a0\u00bbPoppins||||||||\u00a0\u00bb body_text_color=\u00a0\u00bb#FFFFFF\u00a0\u00bb body_line_height=\u00a0\u00bb1.75em\u00a0\u00bb background_color=\u00a0\u00bb#127475&Prime; use_background_color_gradient=\u00a0\u00bbon\u00a0\u00bb background_color_gradient_direction=\u00a0\u00bb65deg\u00a0\u00bb background_color_gradient_stops=\u00a0\u00bb#000000 0%|rgba(255,255,255,0) 100%\u00a0\u00bb background_color_gradient_overlays_image=\u00a0\u00bbon\u00a0\u00bb background_enable_image=\u00a0\u00bboff\u00a0\u00bb background_layout=\u00a0\u00bblight\u00a0\u00bb custom_padding=\u00a0\u00bb60px|60px|60px|60px|true|true\u00a0\u00bb custom_padding_tablet=\u00a0\u00bb30px|30px|30px|30px|true|true\u00a0\u00bb custom_padding_phone=\u00a0\u00bb20px|20px|20px|20px|true|true\u00a0\u00bb custom_padding_last_edited=\u00a0\u00bbon|desktop\u00a0\u00bb header_font_size_tablet=\u00a0\u00bb28px\u00a0\u00bb header_font_size_phone=\u00a0\u00bb20px\u00a0\u00bb header_font_size_last_edited=\u00a0\u00bbon|phone\u00a0\u00bb body_font_size_tablet=\u00a0\u00bb16px\u00a0\u00bb body_font_size_phone=\u00a0\u00bb14px\u00a0\u00bb body_font_size_last_edited=\u00a0\u00bbon|phone\u00a0\u00bb border_radii=\u00a0\u00bbon|6px|6px|6px|6px\u00a0\u00bb box_shadow_style=\u00a0\u00bbpreset3&Prime; box_shadow_vertical=\u00a0\u00bb24px\u00a0\u00bb box_shadow_blur=\u00a0\u00bb72px\u00a0\u00bb box_shadow_spread=\u00a0\u00bb-12px\u00a0\u00bb box_shadow_color=\u00a0\u00bbrgba(0,0,0,0.12)\u00a0\u00bb locked=\u00a0\u00bboff\u00a0\u00bb global_colors_info=\u00a0\u00bb{%22#0e0c19%22:%91%22header_text_color%22,%22header_text_color%22%93,%22gcid-36fd78a7-34bc-404d-873c-dafa34efaae5%22:%91%22color%22%93,%22gcid-7cadd8b3-5228-48e4-90c4-212d09232f7b%22:%91%22header_text_color%22,%22header_text_color%22,%22color%22,%22color%22,%22color%22,%22color%22%93,%22#127475%22:%91%22button_bg_color%22,%22button_bg_color%22,%22background_color%22%93,%22#3c3a47%22:%91%22body_text_color%22,%22body_text_color%22%93,%22gcid-f113ad93-2527-46d7-862b-fc71181c6b5e%22:%91%22border_color_all%22,%22border_color_all%22%93,%22#f2542d%22:%91%22button_text_color%22%93}\u00a0\u00bb text_font_size_tablet=\u00a0\u00bb16px\u00a0\u00bb text_font_size_phone=\u00a0\u00bb14px\u00a0\u00bb text_font_size_last_edited=\u00a0\u00bbon|phone\u00a0\u00bb][\/et_pb_cta][\/et_pb_column][\/et_pb_row][\/et_pb_section]<\/p>\n","protected":false},"excerpt":{"rendered":"<p>Embarquez pour vivre une comp\u00e9tition internationale de handball en Europe !Des \u00e9quipes du monde entier seront pr\u00e9sentes, c&rsquo;est l&rsquo;occasion de le d\u00e9couvrir !Plus de 240 \u00e9quipes.Chaque \u00e9quipe jouera au moins 5 matchs. Lors de l&rsquo;\u00e9dition 2025, les \u00e9quipes ont jou\u00e9 entre 7 et 9 matchs.Chaque match se joue en 2 p\u00e9riodes de 15 minutes.Pour conna\u00eetre [&hellip;]<\/p>\n","protected":false},"author":10,"featured_media":0,"comment_status":"open","ping_status":"open","sticky":false,"template":"","format":"standard","meta":{"_et_pb_use_builder":"on","_et_pb_old_content":"","_et_gb_content_width":"","footnotes":""},"categories":[28,49],"tags":[],"class_list":["post-232842","post","type-post","status-publish","format-standard","hentry","category-nouvelles","category-vhs-2026"],"yoast_head":"<!-- This site is optimized with the Yoast SEO plugin v26.8 - https:\/\/yoast.com\/product\/yoast-seo-wordpress\/ -->\n<title>FAQ - Eurofest 2026 - Club de Handball Celtique de Montr\u00e9al<\/title>\n<meta name=\"description\" content=\"Embarquez pour vivre une comp\u00e9tition internationale de handball en Europe !Des \u00e9quipes du monde entier seront pr\u00e9sentes, c&#039;est l&#039;occasion de le d\u00e9couvrir !Plus de 240 \u00e9quipes.Chaque \u00e9quipe jouera au moins 5 matchs. Lors de l&#039;\u00e9dition 2025, les \u00e9quipes ont jou\u00e9 entre 7 et 9 matchs.Chaque match se joue en 2 p\u00e9riodes de 15 minutes.Pour conna\u00eetre [&hellip;]\" \/>\n<meta name=\"robots\" content=\"index, follow, max-snippet:-1, max-image-preview:large, max-video-preview:-1\" \/>\n<link rel=\"canonical\" href=\"https:\/\/celtiques.com\/?p=232842\" \/>\n<meta property=\"og:locale\" content=\"fr_FR\" \/>\n<meta property=\"og:type\" content=\"article\" \/>\n<meta property=\"og:title\" content=\"FAQ - Eurofest 2026 - Club de Handball Celtique de Montr\u00e9al\" \/>\n<meta property=\"og:description\" content=\"Embarquez pour vivre une comp\u00e9tition internationale de handball en Europe !Des \u00e9quipes du monde entier seront pr\u00e9sentes, c&#039;est l&#039;occasion de le d\u00e9couvrir !Plus de 240 \u00e9quipes.Chaque \u00e9quipe jouera au moins 5 matchs. Lors de l&#039;\u00e9dition 2025, les \u00e9quipes ont jou\u00e9 entre 7 et 9 matchs.Chaque match se joue en 2 p\u00e9riodes de 15 minutes.Pour conna\u00eetre [&hellip;]\" \/>\n<meta property=\"og:url\" content=\"https:\/\/celtiques.com\/?p=232842\" \/>\n<meta property=\"og:site_name\" content=\"Club de Handball Celtique de Montr\u00e9al\" \/>\n<meta property=\"article:publisher\" content=\"https:\/\/www.facebook.com\/HandballClubCeltiqueDeMontreal\" \/>\n<meta property=\"article:published_time\" content=\"2025-09-16T15:47:15+00:00\" \/>\n<meta property=\"article:modified_time\" content=\"2025-11-27T21:51:20+00:00\" \/>\n<meta name=\"author\" content=\"Hannah Cretien\" \/>\n<meta name=\"twitter:card\" content=\"summary_large_image\" \/>\n<meta name=\"twitter:label1\" content=\"\u00c9crit par\" \/>\n\t<meta name=\"twitter:data1\" content=\"Hannah Cretien\" \/>\n\t<meta name=\"twitter:label2\" content=\"Dur\u00e9e de lecture estim\u00e9e\" \/>\n\t<meta name=\"twitter:data2\" content=\"5 minutes\" \/>\n<script type=\"application\/ld+json\" class=\"yoast-schema-graph\">{\"@context\":\"https:\/\/schema.org\",\"@graph\":[{\"@type\":\"Article\",\"@id\":\"https:\/\/celtiques.com\/?p=232842#article\",\"isPartOf\":{\"@id\":\"https:\/\/celtiques.com\/?p=232842\"},\"author\":{\"name\":\"Hannah Cretien\",\"@id\":\"https:\/\/celtiques.com\/#\/schema\/person\/da0bc13ae51a7f6104990867e1b6ba56\"},\"headline\":\"FAQ &#8211; Eurofest 2026\",\"datePublished\":\"2025-09-16T15:47:15+00:00\",\"dateModified\":\"2025-11-27T21:51:20+00:00\",\"mainEntityOfPage\":{\"@id\":\"https:\/\/celtiques.com\/?p=232842\"},\"wordCount\":2785,\"commentCount\":0,\"publisher\":{\"@id\":\"https:\/\/celtiques.com\/#organization\"},\"articleSection\":[\"Nouvelles\",\"VHS 2026\"],\"inLanguage\":\"fr-FR\",\"potentialAction\":[{\"@type\":\"CommentAction\",\"name\":\"Comment\",\"target\":[\"https:\/\/celtiques.com\/?p=232842#respond\"]}]},{\"@type\":\"WebPage\",\"@id\":\"https:\/\/celtiques.com\/?p=232842\",\"url\":\"https:\/\/celtiques.com\/?p=232842\",\"name\":\"FAQ - Eurofest 2026 - Club de Handball Celtique de Montr\u00e9al\",\"isPartOf\":{\"@id\":\"https:\/\/celtiques.com\/#website\"},\"datePublished\":\"2025-09-16T15:47:15+00:00\",\"dateModified\":\"2025-11-27T21:51:20+00:00\",\"breadcrumb\":{\"@id\":\"https:\/\/celtiques.com\/?p=232842#breadcrumb\"},\"inLanguage\":\"fr-FR\",\"potentialAction\":[{\"@type\":\"ReadAction\",\"target\":[\"https:\/\/celtiques.com\/?p=232842\"]}]},{\"@type\":\"BreadcrumbList\",\"@id\":\"https:\/\/celtiques.com\/?p=232842#breadcrumb\",\"itemListElement\":[{\"@type\":\"ListItem\",\"position\":1,\"name\":\"Accueil\",\"item\":\"https:\/\/celtiques.com\/\"},{\"@type\":\"ListItem\",\"position\":2,\"name\":\"FAQ &#8211; Eurofest 2026\"}]},{\"@type\":\"WebSite\",\"@id\":\"https:\/\/celtiques.com\/#website\",\"url\":\"https:\/\/celtiques.com\/\",\"name\":\"Club de Handball Celtique de Montr\u00e9al\",\"description\":\"Club de Handball Celtique de Montr\u00e9al\",\"publisher\":{\"@id\":\"https:\/\/celtiques.com\/#organization\"},\"potentialAction\":[{\"@type\":\"SearchAction\",\"target\":{\"@type\":\"EntryPoint\",\"urlTemplate\":\"https:\/\/celtiques.com\/?s={search_term_string}\"},\"query-input\":{\"@type\":\"PropertyValueSpecification\",\"valueRequired\":true,\"valueName\":\"search_term_string\"}}],\"inLanguage\":\"fr-FR\"},{\"@type\":\"Organization\",\"@id\":\"https:\/\/celtiques.com\/#organization\",\"name\":\"Club de Handball Celtique de Montr\u00e9al\",\"url\":\"https:\/\/celtiques.com\/\",\"logo\":{\"@type\":\"ImageObject\",\"inLanguage\":\"fr-FR\",\"@id\":\"https:\/\/celtiques.com\/#\/schema\/logo\/image\/\",\"url\":\"https:\/\/celtiques.com\/wp-content\/uploads\/2023\/06\/cropped-logo_celtique_clean.png\",\"contentUrl\":\"https:\/\/celtiques.com\/wp-content\/uploads\/2023\/06\/cropped-logo_celtique_clean.png\",\"width\":512,\"height\":512,\"caption\":\"Club de Handball Celtique de Montr\u00e9al\"},\"image\":{\"@id\":\"https:\/\/celtiques.com\/#\/schema\/logo\/image\/\"},\"sameAs\":[\"https:\/\/www.facebook.com\/HandballClubCeltiqueDeMontreal\",\"https:\/\/www.instagram.com\/celtiquehandball\/\"]},{\"@type\":\"Person\",\"@id\":\"https:\/\/celtiques.com\/#\/schema\/person\/da0bc13ae51a7f6104990867e1b6ba56\",\"name\":\"Hannah Cretien\",\"image\":{\"@type\":\"ImageObject\",\"inLanguage\":\"fr-FR\",\"@id\":\"https:\/\/celtiques.com\/#\/schema\/person\/image\/\",\"url\":\"https:\/\/secure.gravatar.com\/avatar\/de96bb24ba83fab365331403d13c36ea17c326e95ced21f490174a518d17648b?s=96&d=mm&r=g\",\"contentUrl\":\"https:\/\/secure.gravatar.com\/avatar\/de96bb24ba83fab365331403d13c36ea17c326e95ced21f490174a518d17648b?s=96&d=mm&r=g\",\"caption\":\"Hannah Cretien\"},\"url\":\"https:\/\/celtiques.com\/?author=10\"}]}<\/script>\n<!-- \/ Yoast SEO plugin. -->","yoast_head_json":{"title":"FAQ - Eurofest 2026 - Club de Handball Celtique de Montr\u00e9al","description":"Embarquez pour vivre une comp\u00e9tition internationale de handball en Europe !Des \u00e9quipes du monde entier seront pr\u00e9sentes, c'est l'occasion de le d\u00e9couvrir !Plus de 240 \u00e9quipes.Chaque \u00e9quipe jouera au moins 5 matchs. Lors de l'\u00e9dition 2025, les \u00e9quipes ont jou\u00e9 entre 7 et 9 matchs.Chaque match se joue en 2 p\u00e9riodes de 15 minutes.Pour conna\u00eetre [&hellip;]","robots":{"index":"index","follow":"follow","max-snippet":"max-snippet:-1","max-image-preview":"max-image-preview:large","max-video-preview":"max-video-preview:-1"},"canonical":"https:\/\/celtiques.com\/?p=232842","og_locale":"fr_FR","og_type":"article","og_title":"FAQ - Eurofest 2026 - Club de Handball Celtique de Montr\u00e9al","og_description":"Embarquez pour vivre une comp\u00e9tition internationale de handball en Europe !Des \u00e9quipes du monde entier seront pr\u00e9sentes, c'est l'occasion de le d\u00e9couvrir !Plus de 240 \u00e9quipes.Chaque \u00e9quipe jouera au moins 5 matchs. Lors de l'\u00e9dition 2025, les \u00e9quipes ont jou\u00e9 entre 7 et 9 matchs.Chaque match se joue en 2 p\u00e9riodes de 15 minutes.Pour conna\u00eetre [&hellip;]","og_url":"https:\/\/celtiques.com\/?p=232842","og_site_name":"Club de Handball Celtique de Montr\u00e9al","article_publisher":"https:\/\/www.facebook.com\/HandballClubCeltiqueDeMontreal","article_published_time":"2025-09-16T15:47:15+00:00","article_modified_time":"2025-11-27T21:51:20+00:00","author":"Hannah Cretien","twitter_card":"summary_large_image","twitter_misc":{"\u00c9crit par":"Hannah Cretien","Dur\u00e9e de lecture estim\u00e9e":"5 minutes"},"schema":{"@context":"https:\/\/schema.org","@graph":[{"@type":"Article","@id":"https:\/\/celtiques.com\/?p=232842#article","isPartOf":{"@id":"https:\/\/celtiques.com\/?p=232842"},"author":{"name":"Hannah Cretien","@id":"https:\/\/celtiques.com\/#\/schema\/person\/da0bc13ae51a7f6104990867e1b6ba56"},"headline":"FAQ &#8211; Eurofest 2026","datePublished":"2025-09-16T15:47:15+00:00","dateModified":"2025-11-27T21:51:20+00:00","mainEntityOfPage":{"@id":"https:\/\/celtiques.com\/?p=232842"},"wordCount":2785,"commentCount":0,"publisher":{"@id":"https:\/\/celtiques.com\/#organization"},"articleSection":["Nouvelles","VHS 2026"],"inLanguage":"fr-FR","potentialAction":[{"@type":"CommentAction","name":"Comment","target":["https:\/\/celtiques.com\/?p=232842#respond"]}]},{"@type":"WebPage","@id":"https:\/\/celtiques.com\/?p=232842","url":"https:\/\/celtiques.com\/?p=232842","name":"FAQ - Eurofest 2026 - Club de Handball Celtique de Montr\u00e9al","isPartOf":{"@id":"https:\/\/celtiques.com\/#website"},"datePublished":"2025-09-16T15:47:15+00:00","dateModified":"2025-11-27T21:51:20+00:00","breadcrumb":{"@id":"https:\/\/celtiques.com\/?p=232842#breadcrumb"},"inLanguage":"fr-FR","potentialAction":[{"@type":"ReadAction","target":["https:\/\/celtiques.com\/?p=232842"]}]},{"@type":"BreadcrumbList","@id":"https:\/\/celtiques.com\/?p=232842#breadcrumb","itemListElement":[{"@type":"ListItem","position":1,"name":"Accueil","item":"https:\/\/celtiques.com\/"},{"@type":"ListItem","position":2,"name":"FAQ &#8211; Eurofest 2026"}]},{"@type":"WebSite","@id":"https:\/\/celtiques.com\/#website","url":"https:\/\/celtiques.com\/","name":"Club de Handball Celtique de Montr\u00e9al","description":"Club de Handball Celtique de Montr\u00e9al","publisher":{"@id":"https:\/\/celtiques.com\/#organization"},"potentialAction":[{"@type":"SearchAction","target":{"@type":"EntryPoint","urlTemplate":"https:\/\/celtiques.com\/?s={search_term_string}"},"query-input":{"@type":"PropertyValueSpecification","valueRequired":true,"valueName":"search_term_string"}}],"inLanguage":"fr-FR"},{"@type":"Organization","@id":"https:\/\/celtiques.com\/#organization","name":"Club de Handball Celtique de Montr\u00e9al","url":"https:\/\/celtiques.com\/","logo":{"@type":"ImageObject","inLanguage":"fr-FR","@id":"https:\/\/celtiques.com\/#\/schema\/logo\/image\/","url":"https:\/\/celtiques.com\/wp-content\/uploads\/2023\/06\/cropped-logo_celtique_clean.png","contentUrl":"https:\/\/celtiques.com\/wp-content\/uploads\/2023\/06\/cropped-logo_celtique_clean.png","width":512,"height":512,"caption":"Club de Handball Celtique de Montr\u00e9al"},"image":{"@id":"https:\/\/celtiques.com\/#\/schema\/logo\/image\/"},"sameAs":["https:\/\/www.facebook.com\/HandballClubCeltiqueDeMontreal","https:\/\/www.instagram.com\/celtiquehandball\/"]},{"@type":"Person","@id":"https:\/\/celtiques.com\/#\/schema\/person\/da0bc13ae51a7f6104990867e1b6ba56","name":"Hannah Cretien","image":{"@type":"ImageObject","inLanguage":"fr-FR","@id":"https:\/\/celtiques.com\/#\/schema\/person\/image\/","url":"https:\/\/secure.gravatar.com\/avatar\/de96bb24ba83fab365331403d13c36ea17c326e95ced21f490174a518d17648b?s=96&d=mm&r=g","contentUrl":"https:\/\/secure.gravatar.com\/avatar\/de96bb24ba83fab365331403d13c36ea17c326e95ced21f490174a518d17648b?s=96&d=mm&r=g","caption":"Hannah Cretien"},"url":"https:\/\/celtiques.com\/?author=10"}]}},"_links":{"self":[{"href":"https:\/\/celtiques.com\/index.php?rest_route=\/wp\/v2\/posts\/232842","targetHints":{"allow":["GET"]}}],"collection":[{"href":"https:\/\/celtiques.com\/index.php?rest_route=\/wp\/v2\/posts"}],"about":[{"href":"https:\/\/celtiques.com\/index.php?rest_route=\/wp\/v2\/types\/post"}],"author":[{"embeddable":true,"href":"https:\/\/celtiques.com\/index.php?rest_route=\/wp\/v2\/users\/10"}],"replies":[{"embeddable":true,"href":"https:\/\/celtiques.com\/index.php?rest_route=%2Fwp%2Fv2%2Fcomments&post=232842"}],"version-history":[{"count":0,"href":"https:\/\/celtiques.com\/index.php?rest_route=\/wp\/v2\/posts\/232842\/revisions"}],"wp:attachment":[{"href":"https:\/\/celtiques.com\/index.php?rest_route=%2Fwp%2Fv2%2Fmedia&parent=232842"}],"wp:term":[{"taxonomy":"category","embeddable":true,"href":"https:\/\/celtiques.com\/index.php?rest_route=%2Fwp%2Fv2%2Fcategories&post=232842"},{"taxonomy":"post_tag","embeddable":true,"href":"https:\/\/celtiques.com\/index.php?rest_route=%2Fwp%2Fv2%2Ftags&post=232842"}],"curies":[{"name":"wp","href":"https:\/\/api.w.org\/{rel}","templated":true}]}}