{"id":232722,"date":"2025-05-08T14:15:25","date_gmt":"2025-05-08T14:15:25","guid":{"rendered":"https:\/\/celtiques.com\/?p=232722"},"modified":"2025-05-08T14:51:43","modified_gmt":"2025-05-08T14:51:43","slug":"gala-50ieme","status":"publish","type":"post","link":"https:\/\/celtiques.com\/?p=232722","title":{"rendered":"Gala 50i\u00e8me"},"content":{"rendered":"<p>[et_pb_section fb_built=\u00a0\u00bb1&Prime; _builder_version=\u00a0\u00bb4.27.2&Prime; _module_preset=\u00a0\u00bbdefault\u00a0\u00bb global_colors_info=\u00a0\u00bb{}\u00a0\u00bb][et_pb_row _builder_version=\u00a0\u00bb4.27.2&Prime; _module_preset=\u00a0\u00bbdefault\u00a0\u00bb global_colors_info=\u00a0\u00bb{}\u00a0\u00bb][et_pb_column type=\u00a0\u00bb4_4&Prime; _builder_version=\u00a0\u00bb4.27.2&Prime; _module_preset=\u00a0\u00bbdefault\u00a0\u00bb global_colors_info=\u00a0\u00bb{}\u00a0\u00bb][et_pb_text _builder_version=\u00a0\u00bb4.27.2&Prime; _module_preset=\u00a0\u00bbdefault\u00a0\u00bb hover_enabled=\u00a0\u00bb0&Prime; global_colors_info=\u00a0\u00bb{}\u00a0\u00bb link_option_url=\u00a0\u00bbhttps:\/\/www.zeffy.com\/fr-CA\/ticketing\/gala-du-50ieme-du-club-de-handball-celtique-de-montreal\u00a0\u00bb sticky_enabled=\u00a0\u00bb0&Prime;]<\/p>\n<p>Il y a de l&rsquo;enthousiasme dans l&rsquo;air ! Pr\u00e9parez-vous \u00e0 participer \u00e0 un \u00e9v\u00e9nement extraordinaire lors du gala du 50i\u00e8me du\u00a0<span>Club de Handball Celtique de Montr\u00e9al.\u00a0<\/span>Il s&rsquo;agit d&rsquo;un \u00e9v\u00e9nement sans pr\u00e9c\u00e9dent, et nous voulons que vous y assistiez !<span>\u00a0<\/span><\/p>\n<p>Le \u00ab\u00a0Dress Code\u00a0\u00bb est noir et brillant !<\/p>\n<p>Lors de ce gala nous aurons le plaisir d&rsquo;organiser un concours d&rsquo;estimation de poids de paniers garnis, mais \u00e9galement une exposition photo, une ench\u00e8re silencieuse, un espace jeu, un espace boisson, un DJ et une c\u00e9r\u00e9monie de remise de prix.<\/p>\n<p>Merci de soutenir notre club, votre soutien est inestimable.<\/p>\n<p>[\/et_pb_text][et_pb_cta button_text=\u00a0\u00bbBILLETS\u00a0\u00bb _builder_version=\u00a0\u00bb4.27.2&Prime; _module_preset=\u00a0\u00bbdefault\u00a0\u00bb button_url=\u00a0\u00bbhttps:\/\/www.zeffy.com\/fr-CA\/ticketing\/gala-du-50ieme-du-club-de-handball-celtique-de-montreal\u00a0\u00bb link_option_url=\u00a0\u00bbhttps:\/\/www.zeffy.com\/fr-CA\/ticketing\/gala-du-50ieme-du-club-de-handball-celtique-de-montreal\u00a0\u00bb header_font_size=\u00a0\u00bb25px\u00a0\u00bb body_font_size=\u00a0\u00bb28px\u00a0\u00bb hover_enabled=\u00a0\u00bb0&Prime; sticky_enabled=\u00a0\u00bb0&Prime;][\/et_pb_cta][\/et_pb_column][\/et_pb_row][\/et_pb_section]<\/p>\n","protected":false},"excerpt":{"rendered":"<p>Il y a de l&rsquo;enthousiasme dans l&rsquo;air ! Pr\u00e9parez-vous \u00e0 participer \u00e0 un \u00e9v\u00e9nement extraordinaire lors du gala du 50i\u00e8me du\u00a0Club de Handball Celtique de Montr\u00e9al.\u00a0Il s&rsquo;agit d&rsquo;un \u00e9v\u00e9nement sans pr\u00e9c\u00e9dent, et nous voulons que vous y assistiez !\u00a0 Le \u00ab\u00a0Dress Code\u00a0\u00bb est noir et brillant ! Lors de ce gala nous aurons le plaisir [&hellip;]<\/p>\n","protected":false},"author":10,"featured_media":232724,"comment_status":"open","ping_status":"open","sticky":false,"template":"","format":"standard","meta":{"_et_pb_use_builder":"on","_et_pb_old_content":"","_et_gb_content_width":"","footnotes":""},"categories":[28],"tags":[],"class_list":["post-232722","post","type-post","status-publish","format-standard","has-post-thumbnail","hentry","category-nouvelles"],"yoast_head":"<!-- This site is optimized with the Yoast SEO plugin v26.8 - https:\/\/yoast.com\/product\/yoast-seo-wordpress\/ -->\n<title>Gala 50i\u00e8me - Club de Handball Celtique de Montr\u00e9al<\/title>\n<meta name=\"description\" content=\"Il y a de l&#039;enthousiasme dans l&#039;air ! Pr\u00e9parez-vous \u00e0 participer \u00e0 un \u00e9v\u00e9nement extraordinaire lors du gala du 50i\u00e8me du\u00a0Club de Handball Celtique de Montr\u00e9al.\u00a0Il s&#039;agit d&#039;un \u00e9v\u00e9nement sans pr\u00e9c\u00e9dent, et nous voulons que vous y assistiez !\u00a0 Le &quot;Dress Code&quot; est noir et brillant ! Lors de ce gala nous aurons le plaisir [&hellip;]\" \/>\n<meta name=\"robots\" content=\"index, follow, max-snippet:-1, max-image-preview:large, max-video-preview:-1\" \/>\n<link rel=\"canonical\" href=\"https:\/\/celtiques.com\/?p=232722\" \/>\n<meta property=\"og:locale\" content=\"fr_FR\" \/>\n<meta property=\"og:type\" content=\"article\" \/>\n<meta property=\"og:title\" content=\"Gala 50i\u00e8me - Club de Handball Celtique de Montr\u00e9al\" \/>\n<meta property=\"og:description\" content=\"Il y a de l&#039;enthousiasme dans l&#039;air ! Pr\u00e9parez-vous \u00e0 participer \u00e0 un \u00e9v\u00e9nement extraordinaire lors du gala du 50i\u00e8me du\u00a0Club de Handball Celtique de Montr\u00e9al.\u00a0Il s&#039;agit d&#039;un \u00e9v\u00e9nement sans pr\u00e9c\u00e9dent, et nous voulons que vous y assistiez !\u00a0 Le &quot;Dress Code&quot; est noir et brillant ! Lors de ce gala nous aurons le plaisir [&hellip;]\" \/>\n<meta property=\"og:url\" content=\"https:\/\/celtiques.com\/?p=232722\" \/>\n<meta property=\"og:site_name\" content=\"Club de Handball Celtique de Montr\u00e9al\" \/>\n<meta property=\"article:publisher\" content=\"https:\/\/www.facebook.com\/HandballClubCeltiqueDeMontreal\" \/>\n<meta property=\"article:published_time\" content=\"2025-05-08T14:15:25+00:00\" \/>\n<meta property=\"article:modified_time\" content=\"2025-05-08T14:51:43+00:00\" \/>\n<meta property=\"og:image\" content=\"https:\/\/celtiques.com\/wp-content\/uploads\/2025\/05\/GALA_POST2.jpg\" \/>\n\t<meta property=\"og:image:width\" content=\"1080\" \/>\n\t<meta property=\"og:image:height\" content=\"1080\" \/>\n\t<meta property=\"og:image:type\" content=\"image\/jpeg\" \/>\n<meta name=\"author\" content=\"Hannah Cretien\" \/>\n<meta name=\"twitter:card\" content=\"summary_large_image\" \/>\n<meta name=\"twitter:label1\" content=\"\u00c9crit par\" \/>\n\t<meta name=\"twitter:data1\" content=\"Hannah Cretien\" \/>\n\t<meta name=\"twitter:label2\" content=\"Dur\u00e9e de lecture estim\u00e9e\" \/>\n\t<meta name=\"twitter:data2\" content=\"1 minute\" \/>\n<script type=\"application\/ld+json\" class=\"yoast-schema-graph\">{\"@context\":\"https:\/\/schema.org\",\"@graph\":[{\"@type\":\"Article\",\"@id\":\"https:\/\/celtiques.com\/?p=232722#article\",\"isPartOf\":{\"@id\":\"https:\/\/celtiques.com\/?p=232722\"},\"author\":{\"name\":\"Hannah Cretien\",\"@id\":\"https:\/\/celtiques.com\/#\/schema\/person\/da0bc13ae51a7f6104990867e1b6ba56\"},\"headline\":\"Gala 50i\u00e8me\",\"datePublished\":\"2025-05-08T14:15:25+00:00\",\"dateModified\":\"2025-05-08T14:51:43+00:00\",\"mainEntityOfPage\":{\"@id\":\"https:\/\/celtiques.com\/?p=232722\"},\"wordCount\":227,\"commentCount\":0,\"publisher\":{\"@id\":\"https:\/\/celtiques.com\/#organization\"},\"image\":{\"@id\":\"https:\/\/celtiques.com\/?p=232722#primaryimage\"},\"thumbnailUrl\":\"https:\/\/celtiques.com\/wp-content\/uploads\/2025\/05\/GALA_POST2.jpg\",\"articleSection\":[\"Nouvelles\"],\"inLanguage\":\"fr-FR\",\"potentialAction\":[{\"@type\":\"CommentAction\",\"name\":\"Comment\",\"target\":[\"https:\/\/celtiques.com\/?p=232722#respond\"]}]},{\"@type\":\"WebPage\",\"@id\":\"https:\/\/celtiques.com\/?p=232722\",\"url\":\"https:\/\/celtiques.com\/?p=232722\",\"name\":\"Gala 50i\u00e8me - Club de Handball Celtique de Montr\u00e9al\",\"isPartOf\":{\"@id\":\"https:\/\/celtiques.com\/#website\"},\"primaryImageOfPage\":{\"@id\":\"https:\/\/celtiques.com\/?p=232722#primaryimage\"},\"image\":{\"@id\":\"https:\/\/celtiques.com\/?p=232722#primaryimage\"},\"thumbnailUrl\":\"https:\/\/celtiques.com\/wp-content\/uploads\/2025\/05\/GALA_POST2.jpg\",\"datePublished\":\"2025-05-08T14:15:25+00:00\",\"dateModified\":\"2025-05-08T14:51:43+00:00\",\"breadcrumb\":{\"@id\":\"https:\/\/celtiques.com\/?p=232722#breadcrumb\"},\"inLanguage\":\"fr-FR\",\"potentialAction\":[{\"@type\":\"ReadAction\",\"target\":[\"https:\/\/celtiques.com\/?p=232722\"]}]},{\"@type\":\"ImageObject\",\"inLanguage\":\"fr-FR\",\"@id\":\"https:\/\/celtiques.com\/?p=232722#primaryimage\",\"url\":\"https:\/\/celtiques.com\/wp-content\/uploads\/2025\/05\/GALA_POST2.jpg\",\"contentUrl\":\"https:\/\/celtiques.com\/wp-content\/uploads\/2025\/05\/GALA_POST2.jpg\",\"width\":1080,\"height\":1080},{\"@type\":\"BreadcrumbList\",\"@id\":\"https:\/\/celtiques.com\/?p=232722#breadcrumb\",\"itemListElement\":[{\"@type\":\"ListItem\",\"position\":1,\"name\":\"Accueil\",\"item\":\"https:\/\/celtiques.com\/\"},{\"@type\":\"ListItem\",\"position\":2,\"name\":\"Gala 50i\u00e8me\"}]},{\"@type\":\"WebSite\",\"@id\":\"https:\/\/celtiques.com\/#website\",\"url\":\"https:\/\/celtiques.com\/\",\"name\":\"Club de Handball Celtique de Montr\u00e9al\",\"description\":\"Club de Handball Celtique de Montr\u00e9al\",\"publisher\":{\"@id\":\"https:\/\/celtiques.com\/#organization\"},\"potentialAction\":[{\"@type\":\"SearchAction\",\"target\":{\"@type\":\"EntryPoint\",\"urlTemplate\":\"https:\/\/celtiques.com\/?s={search_term_string}\"},\"query-input\":{\"@type\":\"PropertyValueSpecification\",\"valueRequired\":true,\"valueName\":\"search_term_string\"}}],\"inLanguage\":\"fr-FR\"},{\"@type\":\"Organization\",\"@id\":\"https:\/\/celtiques.com\/#organization\",\"name\":\"Club de Handball Celtique de Montr\u00e9al\",\"url\":\"https:\/\/celtiques.com\/\",\"logo\":{\"@type\":\"ImageObject\",\"inLanguage\":\"fr-FR\",\"@id\":\"https:\/\/celtiques.com\/#\/schema\/logo\/image\/\",\"url\":\"https:\/\/celtiques.com\/wp-content\/uploads\/2023\/06\/cropped-logo_celtique_clean.png\",\"contentUrl\":\"https:\/\/celtiques.com\/wp-content\/uploads\/2023\/06\/cropped-logo_celtique_clean.png\",\"width\":512,\"height\":512,\"caption\":\"Club de Handball Celtique de Montr\u00e9al\"},\"image\":{\"@id\":\"https:\/\/celtiques.com\/#\/schema\/logo\/image\/\"},\"sameAs\":[\"https:\/\/www.facebook.com\/HandballClubCeltiqueDeMontreal\",\"https:\/\/www.instagram.com\/celtiquehandball\/\"]},{\"@type\":\"Person\",\"@id\":\"https:\/\/celtiques.com\/#\/schema\/person\/da0bc13ae51a7f6104990867e1b6ba56\",\"name\":\"Hannah Cretien\",\"image\":{\"@type\":\"ImageObject\",\"inLanguage\":\"fr-FR\",\"@id\":\"https:\/\/celtiques.com\/#\/schema\/person\/image\/\",\"url\":\"https:\/\/secure.gravatar.com\/avatar\/de96bb24ba83fab365331403d13c36ea17c326e95ced21f490174a518d17648b?s=96&d=mm&r=g\",\"contentUrl\":\"https:\/\/secure.gravatar.com\/avatar\/de96bb24ba83fab365331403d13c36ea17c326e95ced21f490174a518d17648b?s=96&d=mm&r=g\",\"caption\":\"Hannah Cretien\"},\"url\":\"https:\/\/celtiques.com\/?author=10\"}]}<\/script>\n<!-- \/ Yoast SEO plugin. -->","yoast_head_json":{"title":"Gala 50i\u00e8me - Club de Handball Celtique de Montr\u00e9al","description":"Il y a de l'enthousiasme dans l'air ! Pr\u00e9parez-vous \u00e0 participer \u00e0 un \u00e9v\u00e9nement extraordinaire lors du gala du 50i\u00e8me du\u00a0Club de Handball Celtique de Montr\u00e9al.\u00a0Il s'agit d'un \u00e9v\u00e9nement sans pr\u00e9c\u00e9dent, et nous voulons que vous y assistiez !\u00a0 Le \"Dress Code\" est noir et brillant ! Lors de ce gala nous aurons le plaisir [&hellip;]","robots":{"index":"index","follow":"follow","max-snippet":"max-snippet:-1","max-image-preview":"max-image-preview:large","max-video-preview":"max-video-preview:-1"},"canonical":"https:\/\/celtiques.com\/?p=232722","og_locale":"fr_FR","og_type":"article","og_title":"Gala 50i\u00e8me - Club de Handball Celtique de Montr\u00e9al","og_description":"Il y a de l'enthousiasme dans l'air ! Pr\u00e9parez-vous \u00e0 participer \u00e0 un \u00e9v\u00e9nement extraordinaire lors du gala du 50i\u00e8me du\u00a0Club de Handball Celtique de Montr\u00e9al.\u00a0Il s'agit d'un \u00e9v\u00e9nement sans pr\u00e9c\u00e9dent, et nous voulons que vous y assistiez !\u00a0 Le \"Dress Code\" est noir et brillant ! Lors de ce gala nous aurons le plaisir [&hellip;]","og_url":"https:\/\/celtiques.com\/?p=232722","og_site_name":"Club de Handball Celtique de Montr\u00e9al","article_publisher":"https:\/\/www.facebook.com\/HandballClubCeltiqueDeMontreal","article_published_time":"2025-05-08T14:15:25+00:00","article_modified_time":"2025-05-08T14:51:43+00:00","og_image":[{"width":1080,"height":1080,"url":"https:\/\/celtiques.com\/wp-content\/uploads\/2025\/05\/GALA_POST2.jpg","type":"image\/jpeg"}],"author":"Hannah Cretien","twitter_card":"summary_large_image","twitter_misc":{"\u00c9crit par":"Hannah Cretien","Dur\u00e9e de lecture estim\u00e9e":"1 minute"},"schema":{"@context":"https:\/\/schema.org","@graph":[{"@type":"Article","@id":"https:\/\/celtiques.com\/?p=232722#article","isPartOf":{"@id":"https:\/\/celtiques.com\/?p=232722"},"author":{"name":"Hannah Cretien","@id":"https:\/\/celtiques.com\/#\/schema\/person\/da0bc13ae51a7f6104990867e1b6ba56"},"headline":"Gala 50i\u00e8me","datePublished":"2025-05-08T14:15:25+00:00","dateModified":"2025-05-08T14:51:43+00:00","mainEntityOfPage":{"@id":"https:\/\/celtiques.com\/?p=232722"},"wordCount":227,"commentCount":0,"publisher":{"@id":"https:\/\/celtiques.com\/#organization"},"image":{"@id":"https:\/\/celtiques.com\/?p=232722#primaryimage"},"thumbnailUrl":"https:\/\/celtiques.com\/wp-content\/uploads\/2025\/05\/GALA_POST2.jpg","articleSection":["Nouvelles"],"inLanguage":"fr-FR","potentialAction":[{"@type":"CommentAction","name":"Comment","target":["https:\/\/celtiques.com\/?p=232722#respond"]}]},{"@type":"WebPage","@id":"https:\/\/celtiques.com\/?p=232722","url":"https:\/\/celtiques.com\/?p=232722","name":"Gala 50i\u00e8me - Club de Handball Celtique de Montr\u00e9al","isPartOf":{"@id":"https:\/\/celtiques.com\/#website"},"primaryImageOfPage":{"@id":"https:\/\/celtiques.com\/?p=232722#primaryimage"},"image":{"@id":"https:\/\/celtiques.com\/?p=232722#primaryimage"},"thumbnailUrl":"https:\/\/celtiques.com\/wp-content\/uploads\/2025\/05\/GALA_POST2.jpg","datePublished":"2025-05-08T14:15:25+00:00","dateModified":"2025-05-08T14:51:43+00:00","breadcrumb":{"@id":"https:\/\/celtiques.com\/?p=232722#breadcrumb"},"inLanguage":"fr-FR","potentialAction":[{"@type":"ReadAction","target":["https:\/\/celtiques.com\/?p=232722"]}]},{"@type":"ImageObject","inLanguage":"fr-FR","@id":"https:\/\/celtiques.com\/?p=232722#primaryimage","url":"https:\/\/celtiques.com\/wp-content\/uploads\/2025\/05\/GALA_POST2.jpg","contentUrl":"https:\/\/celtiques.com\/wp-content\/uploads\/2025\/05\/GALA_POST2.jpg","width":1080,"height":1080},{"@type":"BreadcrumbList","@id":"https:\/\/celtiques.com\/?p=232722#breadcrumb","itemListElement":[{"@type":"ListItem","position":1,"name":"Accueil","item":"https:\/\/celtiques.com\/"},{"@type":"ListItem","position":2,"name":"Gala 50i\u00e8me"}]},{"@type":"WebSite","@id":"https:\/\/celtiques.com\/#website","url":"https:\/\/celtiques.com\/","name":"Club de Handball Celtique de Montr\u00e9al","description":"Club de Handball Celtique de Montr\u00e9al","publisher":{"@id":"https:\/\/celtiques.com\/#organization"},"potentialAction":[{"@type":"SearchAction","target":{"@type":"EntryPoint","urlTemplate":"https:\/\/celtiques.com\/?s={search_term_string}"},"query-input":{"@type":"PropertyValueSpecification","valueRequired":true,"valueName":"search_term_string"}}],"inLanguage":"fr-FR"},{"@type":"Organization","@id":"https:\/\/celtiques.com\/#organization","name":"Club de Handball Celtique de Montr\u00e9al","url":"https:\/\/celtiques.com\/","logo":{"@type":"ImageObject","inLanguage":"fr-FR","@id":"https:\/\/celtiques.com\/#\/schema\/logo\/image\/","url":"https:\/\/celtiques.com\/wp-content\/uploads\/2023\/06\/cropped-logo_celtique_clean.png","contentUrl":"https:\/\/celtiques.com\/wp-content\/uploads\/2023\/06\/cropped-logo_celtique_clean.png","width":512,"height":512,"caption":"Club de Handball Celtique de Montr\u00e9al"},"image":{"@id":"https:\/\/celtiques.com\/#\/schema\/logo\/image\/"},"sameAs":["https:\/\/www.facebook.com\/HandballClubCeltiqueDeMontreal","https:\/\/www.instagram.com\/celtiquehandball\/"]},{"@type":"Person","@id":"https:\/\/celtiques.com\/#\/schema\/person\/da0bc13ae51a7f6104990867e1b6ba56","name":"Hannah Cretien","image":{"@type":"ImageObject","inLanguage":"fr-FR","@id":"https:\/\/celtiques.com\/#\/schema\/person\/image\/","url":"https:\/\/secure.gravatar.com\/avatar\/de96bb24ba83fab365331403d13c36ea17c326e95ced21f490174a518d17648b?s=96&d=mm&r=g","contentUrl":"https:\/\/secure.gravatar.com\/avatar\/de96bb24ba83fab365331403d13c36ea17c326e95ced21f490174a518d17648b?s=96&d=mm&r=g","caption":"Hannah Cretien"},"url":"https:\/\/celtiques.com\/?author=10"}]}},"_links":{"self":[{"href":"https:\/\/celtiques.com\/index.php?rest_route=\/wp\/v2\/posts\/232722","targetHints":{"allow":["GET"]}}],"collection":[{"href":"https:\/\/celtiques.com\/index.php?rest_route=\/wp\/v2\/posts"}],"about":[{"href":"https:\/\/celtiques.com\/index.php?rest_route=\/wp\/v2\/types\/post"}],"author":[{"embeddable":true,"href":"https:\/\/celtiques.com\/index.php?rest_route=\/wp\/v2\/users\/10"}],"replies":[{"embeddable":true,"href":"https:\/\/celtiques.com\/index.php?rest_route=%2Fwp%2Fv2%2Fcomments&post=232722"}],"version-history":[{"count":0,"href":"https:\/\/celtiques.com\/index.php?rest_route=\/wp\/v2\/posts\/232722\/revisions"}],"wp:featuredmedia":[{"embeddable":true,"href":"https:\/\/celtiques.com\/index.php?rest_route=\/wp\/v2\/media\/232724"}],"wp:attachment":[{"href":"https:\/\/celtiques.com\/index.php?rest_route=%2Fwp%2Fv2%2Fmedia&parent=232722"}],"wp:term":[{"taxonomy":"category","embeddable":true,"href":"https:\/\/celtiques.com\/index.php?rest_route=%2Fwp%2Fv2%2Fcategories&post=232722"},{"taxonomy":"post_tag","embeddable":true,"href":"https:\/\/celtiques.com\/index.php?rest_route=%2Fwp%2Fv2%2Ftags&post=232722"}],"curies":[{"name":"wp","href":"https:\/\/api.w.org\/{rel}","templated":true}]}}